{"id":1610,"date":"2018-05-07T14:54:47","date_gmt":"2018-05-07T12:54:47","guid":{"rendered":"http:\/\/opal-net.fr\/actualites\/?p=1610"},"modified":"2018-05-07T14:54:47","modified_gmt":"2018-05-07T12:54:47","slug":"cheque-transformation-numerique-nouvelle-aquitaine-entreprises","status":"publish","type":"post","link":"https:\/\/gestoo.fr\/actualites\/cheque-transformation-numerique-nouvelle-aquitaine-entreprises\/","title":{"rendered":"Le ch\u00e8que transformation num\u00e9rique en Nouvelle-Aquitaine pour les entreprises"},"content":{"rendered":"<p>Au vue de l\u2019actuelle digitalisation rapide et en masse des PME\/TPE, certaines r\u00e9gions d\u00e9cident d\u2019attribuer aux soci\u00e9t\u00e9s une aide financi\u00e8re afin de les inciter \u00e0 sauter le pas.<\/p>\n<p>C\u2019est le cas de la r\u00e9gion Nouvelle-Aquitaine qui a mis en place un accompagnement aux entreprises dans le cadre d\u2019un passage au num\u00e9rique. Cet accompagnement se mat\u00e9rialise par un forum d\u2019information, un diagnostic des besoins de la soci\u00e9t\u00e9 et surtout un ch\u00e8que transformation num\u00e9rique.<\/p>\n<p>&nbsp;<\/p>\n<h2><\/h2>\n<h6>\u00ab\u00a0Le ch\u00e8que transformation num\u00e9rique booste les entreprises<\/h6>\n<p>Publi\u00e9 le 30 avril 2018 &#8211; www.info-eco.fr<\/p>\n<p><strong>Le num\u00e9rique transforme les usages, notamment dans les entreprises. Pour accompagner ces changements, la R\u00e9gion Nouvelle-Aquitaine a mis en place un accompagnement avec un forum d\u2019information, un diagnostic et un ch\u00e8que transformation num\u00e9rique.<\/strong><\/p>\n<p>L\u2019ensemble des entreprises doit pouvoir b\u00e9n\u00e9ficier des atouts qu\u2019apportent les nouvelles technologies et les nouveaux usages du num\u00e9rique (relations clients, innovation, mont\u00e9e en comp\u00e9tences \u2026). Pour accompagner les PME-TPE dans cette transition, la R\u00e9gion Nouvelle-Aquitaine a mis en place un ch\u00e8que transformation num\u00e9rique.\u00a0<em>\u00ab\u00a0La R\u00e9gion s\u2019est engag\u00e9e dans le d\u00e9ploiement du Tr\u00e8s haut d\u00e9bit pour les particuliers comme pour les entreprises,<\/em>\u00a0souligne Mathieu Hazouard, vice-pr\u00e9sident en charge du THD et de l\u2019\u00e9conomie num\u00e9rique.\u00a0<em>Pour accompagner le d\u00e9ploiement du num\u00e9rique, il faut d\u2019abord amener le THD dans tous les territoires. A l\u2019autre bout, nous soutenons l\u2019\u00e9conomie num\u00e9rique et la transformation qu\u2019elle induit. Ce sont vraiment les deux piliers du d\u00e9veloppement du num\u00e9rique.\u00a0\u00bb<\/em>\u00a0Le soutien \u00e0 l\u2019\u00e9conomie num\u00e9rique passe par deux axes\u00a0: encourager les offreurs de solutions et faciliter l\u2019appropriation des outils.\u00a0<em>\u00ab\u00a0Le chef d\u2019entreprise est souvent le nez dans le guidon, il pense avant tout \u00e0 la survie de sa soci\u00e9t\u00e9.\u00a0\u00bb<\/em>\u00a0La R\u00e9gion a donc souhait\u00e9 l\u2019accompagner.<\/p>\n<p><strong>Information, diagnostic et aide<\/strong><\/p>\n<p>La premi\u00e8re \u00e9tape est l\u2019information. Pour informer les chefs d\u2019entreprise et faire conna\u00eetre les diff\u00e9rents dispositifs, l\u2019Agence de d\u00e9veloppement et d\u2019innovation de Nouvelle-Aquitaine organise chaque ann\u00e9e un forum r\u00e9gional de la transformation num\u00e9rique\u00a0: Ma Transfonum.\u00a0<em>\u00ab\u00a0Il y a des t\u00e9moignages, l\u2019intervention d\u2019experts\u2009\u2009\u2026 L\u2019acculturation est importante et nous ne sommes pas trop d\u2019acteurs pour faire-avoir.\u00a0\u00bb<\/em><\/p>\n<p>La R\u00e9gion vient \u00e9galement de d\u00e9cider la mise en \u0153uvre de 100 diagnostics \u00e0 destination des PME.\u00a0<em>\u00ab\u00a0Cela servira \u00e0 cibler les besoins num\u00e9riques de chaque entreprise et de voir \u00e0 quel niveau ils se situent\u00a0: commercial, production, vente en ligne, communication, relation au travail \u2026\u00a0\u00bb<\/em>L\u2019ADI est en train de d\u00e9velopper une plate-forme de mise en relations entre PME ayant un besoin et prestataire r\u00e9gional proposant une solution.\u00a0<em>\u00ab\u00a0Nous sommes l\u00e0 pour orienter au mieux l\u2019entreprise, l\u2019aider dans ses d\u00e9cisions. Nous essayons aussi de prendre en compte cette dimension de transformation num\u00e9rique dans toutes les politiques r\u00e9gionales. Le d\u00e9veloppement \u00e9conomique passe par le num\u00e9rique, mais au service de l\u2019humain, du bien-\u00eatre des salari\u00e9s.\u00a0\u00bb<\/em><\/p>\n<p>Le ch\u00e8que transformation num\u00e9rique s\u2019adresse \u00e0 toutes les entreprises r\u00e9gionales pour tous les besoins li\u00e9s\u00a0: mont\u00e9e en comp\u00e9tences des salari\u00e9s, site internet, logiciel de gestion (ERP), logiciel de gestion de la relation client (CRM) \u2026\u00a0<em>\u00ab\u00a0Si le chef d\u2019entreprise ne bascule pas dans le num\u00e9rique, il peut perdre des parts de march\u00e9, voir son d\u00e9veloppement reculer,<\/em>\u00a0craint Mathieu Hazouard.\u00a0<em>Nous avons voulu un outil op\u00e9rationnel, large et souple.\u00a0\u00bb<\/em>\u00a0Le ch\u00e8que couvre 50\u00a0% des d\u00e9penses pour un montant maximum de 150\u2009\u2009000\u2009\u2009euros. Il peut \u00eatre coupl\u00e9 \u00e9galement aux fonds europ\u00e9ens.\u00a0<em>\u00ab\u00a0Toutes les tailles d\u2019entreprises, de la PME \u00e0 l\u2019artisan, tous les secteurs, de l\u2019industrie aux services en passant par la vente, il n\u2019y a aucune censure. Notre but est avant tout de faciliter la vie de l\u2019entreprise en l\u2019accompagnant dans ses besoins.\u00a0\u00bb\u00a0\u00bb<\/em><\/p>\n<p>&nbsp;<\/p>\n","protected":false},"excerpt":{"rendered":"<p>Au vue de l\u2019actuelle digitalisation rapide et en masse des PME\/TPE, certaines r\u00e9gions d\u00e9cident d\u2019attribuer aux soci\u00e9t\u00e9s une aide financi\u00e8re&#8230;<\/p>\n","protected":false},"author":2,"featured_media":1611,"comment_status":"open","ping_status":"open","sticky":false,"template":"","format":"standard","meta":{"footnotes":""},"categories":[1],"tags":[17,59,26,13,40,20,51,62,61,3,30,23,60,21],"_links":{"self":[{"href":"https:\/\/gestoo.fr\/actualites\/wp-json\/wp\/v2\/posts\/1610"}],"collection":[{"href":"https:\/\/gestoo.fr\/actualites\/wp-json\/wp\/v2\/posts"}],"about":[{"href":"https:\/\/gestoo.fr\/actualites\/wp-json\/wp\/v2\/types\/post"}],"author":[{"embeddable":true,"href":"https:\/\/gestoo.fr\/actualites\/wp-json\/wp\/v2\/users\/2"}],"replies":[{"embeddable":true,"href":"https:\/\/gestoo.fr\/actualites\/wp-json\/wp\/v2\/comments?post=1610"}],"version-history":[{"count":2,"href":"https:\/\/gestoo.fr\/actualites\/wp-json\/wp\/v2\/posts\/1610\/revisions"}],"predecessor-version":[{"id":1613,"href":"https:\/\/gestoo.fr\/actualites\/wp-json\/wp\/v2\/posts\/1610\/revisions\/1613"}],"wp:featuredmedia":[{"embeddable":true,"href":"https:\/\/gestoo.fr\/actualites\/wp-json\/wp\/v2\/media\/1611"}],"wp:attachment":[{"href":"https:\/\/gestoo.fr\/actualites\/wp-json\/wp\/v2\/media?parent=1610"}],"wp:term":[{"taxonomy":"category","embeddable":true,"href":"https:\/\/gestoo.fr\/actualites\/wp-json\/wp\/v2\/categories?post=1610"},{"taxonomy":"post_tag","embeddable":true,"href":"https:\/\/gestoo.fr\/actualites\/wp-json\/wp\/v2\/tags?post=1610"}],"curies":[{"name":"wp","href":"https:\/\/api.w.org\/{rel}","templated":true}]}}