{"id":1833,"date":"2019-09-24T15:12:26","date_gmt":"2019-09-24T13:12:26","guid":{"rendered":"http:\/\/opal-net.fr\/actualites\/?p=1833"},"modified":"2019-09-24T15:14:18","modified_gmt":"2019-09-24T13:14:18","slug":"thierry-le-bivic-rejoint-le-reseau-opal-dans-les-yvelines","status":"publish","type":"post","link":"https:\/\/gestoo.fr\/actualites\/thierry-le-bivic-rejoint-le-reseau-opal-dans-les-yvelines\/","title":{"rendered":"Thierry Le Bivic rejoint le r\u00e9seau Opal dans les Yvelines"},"content":{"rendered":"\n<p> De formation ESC Brest, Thierry s\u2019est sp\u00e9cialis\u00e9 dans le contr\u00f4le de gestion avant d\u2019occuper des fonctions de Directeur financier, puis de DG adjoint au sein de structures \u00e0 taille humaine. Thierry a \u00e9volu\u00e9 dans le monde industriel, celui du BTP et de fa\u00e7on plus large dans les services avec installations chez le client. Avant tout gestionnaire, il dispose d\u2019une culture g\u00e9n\u00e9rale forte de l\u2019entreprise de type TPE\/PME.  Il cr\u00e9e aujourd&rsquo;hui ACIMUT pour accompagner les entreprises des Yvelines dans leur d\u00e9veloppement.<\/p>\n","protected":false},"excerpt":{"rendered":"<p>Thierry Le Bivic rejoint le r\u00e9seau Opal et cr\u00e9e ACIMUT pour accompagner les entreprises des Yvelines dans leur d\u00e9veloppement.<\/p>\n","protected":false},"author":1,"featured_media":1834,"comment_status":"open","ping_status":"open","sticky":false,"template":"","format":"standard","meta":{"footnotes":""},"categories":[2],"tags":[17,5,12],"_links":{"self":[{"href":"https:\/\/gestoo.fr\/actualites\/wp-json\/wp\/v2\/posts\/1833"}],"collection":[{"href":"https:\/\/gestoo.fr\/actualites\/wp-json\/wp\/v2\/posts"}],"about":[{"href":"https:\/\/gestoo.fr\/actualites\/wp-json\/wp\/v2\/types\/post"}],"author":[{"embeddable":true,"href":"https:\/\/gestoo.fr\/actualites\/wp-json\/wp\/v2\/users\/1"}],"replies":[{"embeddable":true,"href":"https:\/\/gestoo.fr\/actualites\/wp-json\/wp\/v2\/comments?post=1833"}],"version-history":[{"count":1,"href":"https:\/\/gestoo.fr\/actualites\/wp-json\/wp\/v2\/posts\/1833\/revisions"}],"predecessor-version":[{"id":1835,"href":"https:\/\/gestoo.fr\/actualites\/wp-json\/wp\/v2\/posts\/1833\/revisions\/1835"}],"wp:featuredmedia":[{"embeddable":true,"href":"https:\/\/gestoo.fr\/actualites\/wp-json\/wp\/v2\/media\/1834"}],"wp:attachment":[{"href":"https:\/\/gestoo.fr\/actualites\/wp-json\/wp\/v2\/media?parent=1833"}],"wp:term":[{"taxonomy":"category","embeddable":true,"href":"https:\/\/gestoo.fr\/actualites\/wp-json\/wp\/v2\/categories?post=1833"},{"taxonomy":"post_tag","embeddable":true,"href":"https:\/\/gestoo.fr\/actualites\/wp-json\/wp\/v2\/tags?post=1833"}],"curies":[{"name":"wp","href":"https:\/\/api.w.org\/{rel}","templated":true}]}}